{"id":7189,"date":"2026-04-22T19:28:43","date_gmt":"2026-04-22T17:28:43","guid":{"rendered":"https:\/\/www.1001fontaines.com\/?p=7189"},"modified":"2026-04-22T19:29:20","modified_gmt":"2026-04-22T17:29:20","slug":"changement-de-direction-generale-pour-1001fontaines","status":"publish","type":"post","link":"https:\/\/www.1001fontaines.ch\/en\/2026\/04\/22\/changement-de-direction-generale-pour-1001fontaines\/","title":{"rendered":"Changement de Direction G\u00e9n\u00e9rale pour 1001fontaines"},"content":{"rendered":"\t\t<div data-elementor-type=\"wp-post\" data-elementor-id=\"7189\" class=\"elementor elementor-7189 elementor-7188\" data-elementor-post-type=\"post\">\n\t\t\t\t\t\t<section class=\"elementor-section elementor-top-section elementor-element elementor-element-28aa7a8 elementor-section-boxed elementor-section-height-default elementor-section-height-default\" data-id=\"28aa7a8\" data-element_type=\"section\" data-e-type=\"section\">\n\t\t\t\t\t\t<div class=\"elementor-container elementor-column-gap-default\">\n\t\t\t\t\t<div class=\"elementor-column elementor-col-100 elementor-top-column elementor-element elementor-element-814b843\" data-id=\"814b843\" data-element_type=\"column\" data-e-type=\"column\">\n\t\t\t<div class=\"elementor-widget-wrap elementor-element-populated\">\n\t\t\t\t\t\t<div class=\"elementor-element elementor-element-5ecae9f elementor-widget elementor-widget-spacer\" data-id=\"5ecae9f\" data-element_type=\"widget\" data-e-type=\"widget\" data-widget_type=\"spacer.default\">\n\t\t\t\t<div class=\"elementor-widget-container\">\n\t\t\t\t\t\t\t<div class=\"elementor-spacer\">\n\t\t\t<div class=\"elementor-spacer-inner\"><\/div>\n\t\t<\/div>\n\t\t\t\t\t\t<\/div>\n\t\t\t\t<\/div>\n\t\t\t\t<div class=\"elementor-element elementor-element-dafd289 elementor-widget elementor-widget-spacer\" data-id=\"dafd289\" data-element_type=\"widget\" data-e-type=\"widget\" data-widget_type=\"spacer.default\">\n\t\t\t\t<div class=\"elementor-widget-container\">\n\t\t\t\t\t\t\t<div class=\"elementor-spacer\">\n\t\t\t<div class=\"elementor-spacer-inner\"><\/div>\n\t\t<\/div>\n\t\t\t\t\t\t<\/div>\n\t\t\t\t<\/div>\n\t\t\t\t<div class=\"elementor-element elementor-element-154977b elementor-widget elementor-widget-heading\" data-id=\"154977b\" data-element_type=\"widget\" data-e-type=\"widget\" data-widget_type=\"heading.default\">\n\t\t\t\t<div class=\"elementor-widget-container\">\n\t\t\t\t\t<h2 class=\"elementor-heading-title elementor-size-default\">Changement de Direction G\u00e9n\u00e9rale \n<br>pour 1001fontaines<\/br><\/h2>\t\t\t\t<\/div>\n\t\t\t\t<\/div>\n\t\t\t\t<div class=\"elementor-element elementor-element-eee000c elementor-widget elementor-widget-text-editor\" data-id=\"eee000c\" data-element_type=\"widget\" data-e-type=\"widget\" data-widget_type=\"text-editor.default\">\n\t\t\t\t<div class=\"elementor-widget-container\">\n\t\t\t\t\t\t\t\t\t<div style=\"text-align: justify;\"><p><span style=\"font-weight: 400;\"><strong>Apr\u00e8s 10 ann\u00e9es d&#8217;engagement, notre Directeur g\u00e9n\u00e9ral, Julien Ancele, passera le relais le 15 septembre prochain \u00e0 Pierre-Andr\u00e9 T\u00e9risse<\/strong>, marquant ainsi une nouvelle \u00e9tape pour notre organisation.<\/span><\/p><\/div>\t\t\t\t\t\t\t\t<\/div>\n\t\t\t\t<\/div>\n\t\t\t\t<div class=\"elementor-element elementor-element-3e9dddb elementor-widget elementor-widget-image\" data-id=\"3e9dddb\" data-element_type=\"widget\" data-e-type=\"widget\" data-widget_type=\"image.default\">\n\t\t\t\t<div class=\"elementor-widget-container\">\n\t\t\t\t\t\t\t\t\t\t\t\t<figure class=\"wp-caption\">\n\t\t\t\t\t\t\t\t\t\t<img decoding=\"async\" src=\"https:\/\/www.1001fontaines.ch\/wp-content\/uploads\/elementor\/thumbs\/JA_PAT-rb5xxj0j34va6ixl6i5bxce1boca19rjaff90sogmk.png\" title=\"JA_PAT\" alt=\"JA_PAT\" loading=\"lazy\" \/>\t\t\t\t\t\t\t\t\t\t\t<figcaption class=\"widget-image-caption wp-caption-text\">Julien Ancele et Pierre-Andr\u00e9 T\u00e9risse<\/figcaption>\n\t\t\t\t\t\t\t\t\t\t<\/figure>\n\t\t\t\t\t\t\t\t\t<\/div>\n\t\t\t\t<\/div>\n\t\t\t\t<div class=\"elementor-element elementor-element-ff8c0f9 elementor-widget elementor-widget-spacer\" data-id=\"ff8c0f9\" data-element_type=\"widget\" data-e-type=\"widget\" data-widget_type=\"spacer.default\">\n\t\t\t\t<div class=\"elementor-widget-container\">\n\t\t\t\t\t\t\t<div class=\"elementor-spacer\">\n\t\t\t<div class=\"elementor-spacer-inner\"><\/div>\n\t\t<\/div>\n\t\t\t\t\t\t<\/div>\n\t\t\t\t<\/div>\n\t\t\t\t<div class=\"elementor-element elementor-element-c9c0e9e elementor-widget elementor-widget-text-editor\" data-id=\"c9c0e9e\" data-element_type=\"widget\" data-e-type=\"widget\" data-widget_type=\"text-editor.default\">\n\t\t\t\t<div class=\"elementor-widget-container\">\n\t\t\t\t\t\t\t\t\t<div style=\"text-align: justify;\"><p><span style=\"word-spacing: normal;\">Sous la direction de Julien Ancele, 1001fontaines a su concr\u00e9tiser sur le terrain la vision de ses fondateurs : <strong>d\u00e9velopper une solution d\u2019acc\u00e8s \u00e0 l\u2019eau potable<\/strong> alliant impact social et p\u00e9rennit\u00e9 \u00e9conomique. Gr\u00e2ce \u00e0 l\u2019action quotidienne de <strong>1 300 entrepreneurs et collaborateurs<\/strong>, notre organisation dessert aujourd\u2019hui pr\u00e8s de <strong>1,5 million de personnes en eau potable<\/strong>, compar\u00e9 \u00e0 300 000 il y a 10 ans.\u00a0<\/span><\/p><\/div>\t\t\t\t\t\t\t\t<\/div>\n\t\t\t\t<\/div>\n\t\t\t\t<section class=\"elementor-section elementor-inner-section elementor-element elementor-element-43f1631 elementor-section-boxed elementor-section-height-default elementor-section-height-default\" data-id=\"43f1631\" data-element_type=\"section\" data-e-type=\"section\">\n\t\t\t\t\t\t<div class=\"elementor-container elementor-column-gap-default\">\n\t\t\t\t\t<div class=\"elementor-column elementor-col-50 elementor-inner-column elementor-element elementor-element-6c32d46\" data-id=\"6c32d46\" data-element_type=\"column\" data-e-type=\"column\">\n\t\t\t<div class=\"elementor-widget-wrap elementor-element-populated\">\n\t\t\t\t\t\t<div class=\"elementor-element elementor-element-b2d63b1 elementor-widget elementor-widget-image\" data-id=\"b2d63b1\" data-element_type=\"widget\" data-e-type=\"widget\" data-widget_type=\"image.default\">\n\t\t\t\t<div class=\"elementor-widget-container\">\n\t\t\t\t\t\t\t\t\t\t\t\t<figure class=\"wp-caption\">\n\t\t\t\t\t\t\t\t\t\t<img fetchpriority=\"high\" decoding=\"async\" width=\"1024\" height=\"768\" src=\"https:\/\/www.1001fontaines.ch\/wp-content\/uploads\/2025\/09\/WhatsApp-Image-2025-07-06-a-08.01.35_3f6b966b-1024x768.jpg\" class=\"attachment-large size-large wp-image-7224\" alt=\"\" srcset=\"https:\/\/www.1001fontaines.ch\/wp-content\/uploads\/2025\/09\/WhatsApp-Image-2025-07-06-a-08.01.35_3f6b966b-1024x768.jpg 1024w, https:\/\/www.1001fontaines.ch\/wp-content\/uploads\/2025\/09\/WhatsApp-Image-2025-07-06-a-08.01.35_3f6b966b-300x225.jpg 300w, https:\/\/www.1001fontaines.ch\/wp-content\/uploads\/2025\/09\/WhatsApp-Image-2025-07-06-a-08.01.35_3f6b966b-768x576.jpg 768w, https:\/\/www.1001fontaines.ch\/wp-content\/uploads\/2025\/09\/WhatsApp-Image-2025-07-06-a-08.01.35_3f6b966b-1536x1152.jpg 1536w, https:\/\/www.1001fontaines.ch\/wp-content\/uploads\/2025\/09\/WhatsApp-Image-2025-07-06-a-08.01.35_3f6b966b.jpg 1600w\" sizes=\"(max-width: 1024px) 100vw, 1024px\" \/>\t\t\t\t\t\t\t\t\t\t\t<figcaption class=\"widget-image-caption wp-caption-text\">Julien Ancele, 6\u00e8me en partant de la gauche, aux c\u00f4t\u00e9s de l'administrateur Ambroise Veillon et des \u00e9quipes d'Uttaran Paani au Bangladesh<\/figcaption>\n\t\t\t\t\t\t\t\t\t\t<\/figure>\n\t\t\t\t\t\t\t\t\t<\/div>\n\t\t\t\t<\/div>\n\t\t\t\t\t<\/div>\n\t\t<\/div>\n\t\t\t\t<div class=\"elementor-column elementor-col-50 elementor-inner-column elementor-element elementor-element-76471a5\" data-id=\"76471a5\" data-element_type=\"column\" data-e-type=\"column\">\n\t\t\t<div class=\"elementor-widget-wrap elementor-element-populated\">\n\t\t\t\t\t\t<div class=\"elementor-element elementor-element-36009ae elementor-widget elementor-widget-spacer\" data-id=\"36009ae\" data-element_type=\"widget\" data-e-type=\"widget\" data-widget_type=\"spacer.default\">\n\t\t\t\t<div class=\"elementor-widget-container\">\n\t\t\t\t\t\t\t<div class=\"elementor-spacer\">\n\t\t\t<div class=\"elementor-spacer-inner\"><\/div>\n\t\t<\/div>\n\t\t\t\t\t\t<\/div>\n\t\t\t\t<\/div>\n\t\t\t\t<div class=\"elementor-element elementor-element-2cff2cd elementor-widget elementor-widget-text-editor\" data-id=\"2cff2cd\" data-element_type=\"widget\" data-e-type=\"widget\" data-widget_type=\"text-editor.default\">\n\t\t\t\t<div class=\"elementor-widget-container\">\n\t\t\t\t\t\t\t\t\t<div style=\"text-align: justify;\"><p><span style=\"font-weight: 400;\">Au Cambodge, notre r\u00e9seau de 340 <em>Water Kiosks<\/em> ruraux a transform\u00e9 l\u2019acc\u00e8s \u00e0 l\u2019eau \u00e0 l\u2019\u00e9chelle nationale. \u00c0 Madagascar, un dispositif in\u00e9dit a \u00e9t\u00e9 con\u00e7u et d\u00e9ploy\u00e9 avec succ\u00e8s pour r\u00e9pondre aux besoins des populations urbaines. Julien Ancele a \u00e9galement initi\u00e9 des exp\u00e9rimentations au Myanmar, au Vietnam et plus r\u00e9cemment au Bangladesh, ouvrant la voie au d\u00e9veloppement international de l\u2019organisation.<\/span><\/p><\/div>\t\t\t\t\t\t\t\t<\/div>\n\t\t\t\t<\/div>\n\t\t\t\t\t<\/div>\n\t\t<\/div>\n\t\t\t\t\t<\/div>\n\t\t<\/section>\n\t\t\t\t<div class=\"elementor-element elementor-element-eff8dfd elementor-blockquote--skin-quotation elementor-blockquote--align-right elementor-widget elementor-widget-blockquote\" data-id=\"eff8dfd\" data-element_type=\"widget\" data-e-type=\"widget\" data-widget_type=\"blockquote.default\">\n\t\t\t\t<div class=\"elementor-widget-container\">\n\t\t\t\t\t\t\t<blockquote class=\"elementor-blockquote\">\n\t\t\t<p class=\"elementor-blockquote__content\">\n\t\t\t\t\u00ab Ce fut un plaisir et un honneur immense pour moi de contribuer au d\u00e9veloppement de ce magnifique projet. Je remercie les fondateurs, le conseil d\u2019administration, les \u00e9quipes et les partenaires pour leur confiance. Je souhaite tout le meilleur \u00e0 Pierre-Andr\u00e9 pour la suite, et suis convaincu que 1001fontaines est entre d\u2019excellentes mains pour atteindre de nouveaux sommets dans un futur proche\u00a0\u00bb\t\t\t<\/p>\n\t\t\t\t\t\t\t<div class=\"e-q-footer\">\n\t\t\t\t\t\t\t\t\t\t\t<cite class=\"elementor-blockquote__author\">Julien Ancele<\/cite>\n\t\t\t\t\t\t\t\t\t\t\t\t\t\t<\/div>\n\t\t\t\t\t<\/blockquote>\n\t\t\t\t\t\t<\/div>\n\t\t\t\t<\/div>\n\t\t\t\t<div class=\"elementor-element elementor-element-ffd9b98 elementor-widget elementor-widget-text-editor\" data-id=\"ffd9b98\" data-element_type=\"widget\" data-e-type=\"widget\" data-widget_type=\"text-editor.default\">\n\t\t\t\t<div class=\"elementor-widget-container\">\n\t\t\t\t\t\t\t\t\t<div style=\"text-align: justify;\"><p><span style=\"font-weight: 400;\"><strong>En 20 ans, notre mod\u00e8le unique de services essentiels d\u2019eau en bonbonnes a gagn\u00e9 en visibilit\u00e9 et en reconnaissance<\/strong>. C&#8217;est une fiert\u00e9 pour nous tous, mais \u00e9galement une responsabilit\u00e9, celle de poursuivre l\u2019extension de notre impact.<\/span><\/p><p><span style=\"font-weight: 400;\">Car le d\u00e9fi demeure immense :<strong> plus de 4 milliards de personnes dans le monde n\u2019ont toujours pas acc\u00e8s \u00e0 une eau potable de qualit\u00e9<\/strong>. Cette r\u00e9alit\u00e9 exige un changement de paradigme profond, auquel 1001fontaines souhaite contribuer activement.<\/span><\/p><p><span style=\"font-weight: 400;\">C\u2019est dans ce contexte que Pierre-Andr\u00e9 T\u00e9risse reprend aujourd\u2019hui la Direction G\u00e9n\u00e9rale afin que 1001fontaines devienne un acteur incontournable sur la sc\u00e8ne internationale, \u00e9largissant son impact \u00e0 de nouvelles g\u00e9ographies et renfor\u00e7ant sa capacit\u00e9 \u00e0 diffuser son mod\u00e8le.<\/span><\/p><p><span style=\"font-weight: 400;\">Fort de plus de <strong>30 ans d\u2019exp\u00e9rience dans le secteur de l\u2019eau<\/strong>, il a occup\u00e9 des fonctions de direction au sein de grands groupes internationaux, en pla\u00e7ant toujours l&#8217;humain et le d\u00e9veloppement durable au c\u0153ur de ses priorit\u00e9s. En 2019, il a lanc\u00e9 une entreprise d\u2019eau embouteill\u00e9e responsable au S\u00e9n\u00e9gal, une exp\u00e9rience entrepreneuriale venant enrichir son parcours.<\/span><\/p><p><span style=\"font-weight: 400;\">Engag\u00e9 depuis 2023 au sein du Conseil d\u2019Administration de 1001fontaines, Pierre-Andr\u00e9 T\u00e9risse est ainsi apparu comme un successeur naturel pour accompagner l\u2019organisation dans ce nouveau chapitre, tout en poursuivant le d\u00e9veloppement de nouvelles collaborations.<\/span><\/p><\/div>\t\t\t\t\t\t\t\t<\/div>\n\t\t\t\t<\/div>\n\t\t\t\t<div class=\"elementor-element elementor-element-7d0f832 elementor-blockquote--skin-quotation elementor-blockquote--align-right elementor-widget elementor-widget-blockquote\" data-id=\"7d0f832\" data-element_type=\"widget\" data-e-type=\"widget\" data-widget_type=\"blockquote.default\">\n\t\t\t\t<div class=\"elementor-widget-container\">\n\t\t\t\t\t\t\t<blockquote class=\"elementor-blockquote\">\n\t\t\t<p class=\"elementor-blockquote__content\">\n\t\t\t\t\u00ab\u00a0Une personne sur deux dans le monde n\u2019a pas acc\u00e8s \u00e0 l'eau potable au quotidien ! Depuis 2 ans, j\u2019ai pu mesurer l\u2019impact de 1001fontaines aupr\u00e8s des populations vuln\u00e9rables, et sa capacit\u00e9 \u00e0 d\u00e9multiplier cet impact, directement ou au travers d'alliances. Je suis heureux de mettre mon exp\u00e9rience dans le secteur de l\u2019eau et sur le continent africain, ainsi que mon \u00e9nergie, au service des \u00e9quipes et de cette ambition.\u00a0\u00bb\t\t\t<\/p>\n\t\t\t\t\t\t\t<div class=\"e-q-footer\">\n\t\t\t\t\t\t\t\t\t\t\t<cite class=\"elementor-blockquote__author\">Pierre-Andr\u00e9 T\u00e9risse<\/cite>\n\t\t\t\t\t\t\t\t\t\t\t\t\t\t<\/div>\n\t\t\t\t\t<\/blockquote>\n\t\t\t\t\t\t<\/div>\n\t\t\t\t<\/div>\n\t\t\t\t<div class=\"elementor-element elementor-element-0b0930d elementor-widget elementor-widget-text-editor\" data-id=\"0b0930d\" data-element_type=\"widget\" data-e-type=\"widget\" data-widget_type=\"text-editor.default\">\n\t\t\t\t<div class=\"elementor-widget-container\">\n\t\t\t\t\t\t\t\t\t<div style=\"text-align: justify;\"><p><span style=\"font-weight: 400;\">Nous remercions infiniment Julien Ancele pour son engagement, et souhaitons la bienvenue \u00e0 Pierre-Andr\u00e9 T\u00e9risse au sein de l\u2019\u00e9quipe.\u00a0<\/span><\/p><\/div>\t\t\t\t\t\t\t\t<\/div>\n\t\t\t\t<\/div>\n\t\t\t\t<div class=\"elementor-element elementor-element-87cd0c0 elementor-widget elementor-widget-spacer\" data-id=\"87cd0c0\" data-element_type=\"widget\" data-e-type=\"widget\" data-widget_type=\"spacer.default\">\n\t\t\t\t<div class=\"elementor-widget-container\">\n\t\t\t\t\t\t\t<div class=\"elementor-spacer\">\n\t\t\t<div class=\"elementor-spacer-inner\"><\/div>\n\t\t<\/div>\n\t\t\t\t\t\t<\/div>\n\t\t\t\t<\/div>\n\t\t\t\t\t<\/div>\n\t\t<\/div>\n\t\t\t\t\t<\/div>\n\t\t<\/section>\n\t\t\t\t<\/div>\n\t\t","protected":false},"excerpt":{"rendered":"<p>Changement de Direction G\u00e9n\u00e9rale pour 1001fontaines Apr\u00e8s 10 ann\u00e9es d&#8217;engagement, notre Directeur g\u00e9n\u00e9ral, Julien Ancele, passera le relais le 15 septembre prochain \u00e0 Pierre-Andr\u00e9 T\u00e9risse, marquant ainsi une nouvelle \u00e9tape pour notre organisation. Julien Ancele et Pierre-Andr\u00e9 T\u00e9risse Sous la direction de Julien Ancele, 1001fontaines a su concr\u00e9tiser sur le terrain la vision de ses&hellip;<\/p>\n","protected":false},"author":4,"featured_media":0,"comment_status":"closed","ping_status":"open","sticky":false,"template":"","format":"standard","meta":[],"categories":[8],"tags":[],"class_list":["post-7189","post","type-post","status-publish","format-standard","hentry","category-uncategorized","category-8","description-off"],"yoast_head":"<!-- This site is optimized with the Yoast SEO plugin v27.5 - https:\/\/yoast.com\/product\/yoast-seo-wordpress\/ -->\n<title>Changement de Direction G\u00e9n\u00e9rale pour 1001fontaines - 1001fontaines<\/title>\n<meta name=\"description\" content=\"1001fontaines confie sa direction \u00e0 Pierre-Andr\u00e9 T\u00e9risse pour renforcer son impact et l\u2019acc\u00e8s durable \u00e0 l\u2019eau potable.\" \/>\n<meta name=\"robots\" content=\"index, follow, max-snippet:-1, max-image-preview:large, max-video-preview:-1\" \/>\n<link rel=\"canonical\" href=\"https:\/\/www.1001fontaines.ch\/en\/2026\/04\/22\/changement-de-direction-generale-pour-1001fontaines\/\" \/>\n<meta property=\"og:locale\" content=\"en_US\" \/>\n<meta property=\"og:type\" content=\"article\" \/>\n<meta property=\"og:title\" content=\"Changement de Direction G\u00e9n\u00e9rale pour 1001fontaines - 1001fontaines\" \/>\n<meta property=\"og:description\" content=\"1001fontaines confie sa direction \u00e0 Pierre-Andr\u00e9 T\u00e9risse pour renforcer son impact et l\u2019acc\u00e8s durable \u00e0 l\u2019eau potable.\" \/>\n<meta property=\"og:url\" content=\"https:\/\/www.1001fontaines.ch\/en\/2026\/04\/22\/changement-de-direction-generale-pour-1001fontaines\/\" \/>\n<meta property=\"og:site_name\" content=\"1001fontaines\" \/>\n<meta property=\"article:published_time\" content=\"2026-04-22T17:28:43+00:00\" \/>\n<meta property=\"article:modified_time\" content=\"2026-04-22T17:29:20+00:00\" \/>\n<meta property=\"og:image\" content=\"https:\/\/www.1001fontaines.ch\/wp-content\/uploads\/elementor\/thumbs\/JA_PAT-rb5xxj0j34va6ixl6i5bxce1boca19rjaff90sogmu.png\" \/>\n<meta name=\"author\" content=\"1001-admin\" \/>\n<meta name=\"twitter:card\" content=\"summary_large_image\" \/>\n<meta name=\"twitter:label1\" content=\"Written by\" \/>\n\t<meta name=\"twitter:data1\" content=\"1001-admin\" \/>\n\t<meta name=\"twitter:label2\" content=\"Est. reading time\" \/>\n\t<meta name=\"twitter:data2\" content=\"3 minutes\" \/>\n<script type=\"application\/ld+json\" class=\"yoast-schema-graph\">{\"@context\":\"https:\\\/\\\/schema.org\",\"@graph\":[{\"@type\":\"Article\",\"@id\":\"https:\\\/\\\/www.1001fontaines.ch\\\/en\\\/2026\\\/04\\\/22\\\/changement-de-direction-generale-pour-1001fontaines\\\/#article\",\"isPartOf\":{\"@id\":\"https:\\\/\\\/www.1001fontaines.ch\\\/en\\\/2026\\\/04\\\/22\\\/changement-de-direction-generale-pour-1001fontaines\\\/\"},\"author\":{\"name\":\"1001-admin\",\"@id\":\"https:\\\/\\\/www.1001fontaines.ch\\\/#\\\/schema\\\/person\\\/94a459eda4ee95e269d6f276745e0767\"},\"headline\":\"Changement de Direction G\u00e9n\u00e9rale pour 1001fontaines\",\"datePublished\":\"2026-04-22T17:28:43+00:00\",\"dateModified\":\"2026-04-22T17:29:20+00:00\",\"mainEntityOfPage\":{\"@id\":\"https:\\\/\\\/www.1001fontaines.ch\\\/en\\\/2026\\\/04\\\/22\\\/changement-de-direction-generale-pour-1001fontaines\\\/\"},\"wordCount\":604,\"publisher\":{\"@id\":\"https:\\\/\\\/www.1001fontaines.ch\\\/#organization\"},\"image\":{\"@id\":\"https:\\\/\\\/www.1001fontaines.ch\\\/en\\\/2026\\\/04\\\/22\\\/changement-de-direction-generale-pour-1001fontaines\\\/#primaryimage\"},\"thumbnailUrl\":\"https:\\\/\\\/www.1001fontaines.ch\\\/wp-content\\\/uploads\\\/elementor\\\/thumbs\\\/JA_PAT-rb5xxj0j34va6ixl6i5bxce1boca19rjaff90sogmu.png\",\"inLanguage\":\"en-US\"},{\"@type\":\"WebPage\",\"@id\":\"https:\\\/\\\/www.1001fontaines.ch\\\/en\\\/2026\\\/04\\\/22\\\/changement-de-direction-generale-pour-1001fontaines\\\/\",\"url\":\"https:\\\/\\\/www.1001fontaines.ch\\\/en\\\/2026\\\/04\\\/22\\\/changement-de-direction-generale-pour-1001fontaines\\\/\",\"name\":\"Changement de Direction G\u00e9n\u00e9rale pour 1001fontaines - 1001fontaines\",\"isPartOf\":{\"@id\":\"https:\\\/\\\/www.1001fontaines.ch\\\/#website\"},\"primaryImageOfPage\":{\"@id\":\"https:\\\/\\\/www.1001fontaines.ch\\\/en\\\/2026\\\/04\\\/22\\\/changement-de-direction-generale-pour-1001fontaines\\\/#primaryimage\"},\"image\":{\"@id\":\"https:\\\/\\\/www.1001fontaines.ch\\\/en\\\/2026\\\/04\\\/22\\\/changement-de-direction-generale-pour-1001fontaines\\\/#primaryimage\"},\"thumbnailUrl\":\"https:\\\/\\\/www.1001fontaines.ch\\\/wp-content\\\/uploads\\\/elementor\\\/thumbs\\\/JA_PAT-rb5xxj0j34va6ixl6i5bxce1boca19rjaff90sogmu.png\",\"datePublished\":\"2026-04-22T17:28:43+00:00\",\"dateModified\":\"2026-04-22T17:29:20+00:00\",\"description\":\"1001fontaines confie sa direction \u00e0 Pierre-Andr\u00e9 T\u00e9risse pour renforcer son impact et l\u2019acc\u00e8s durable \u00e0 l\u2019eau potable.\",\"breadcrumb\":{\"@id\":\"https:\\\/\\\/www.1001fontaines.ch\\\/en\\\/2026\\\/04\\\/22\\\/changement-de-direction-generale-pour-1001fontaines\\\/#breadcrumb\"},\"inLanguage\":\"en-US\",\"potentialAction\":[{\"@type\":\"ReadAction\",\"target\":[\"https:\\\/\\\/www.1001fontaines.ch\\\/en\\\/2026\\\/04\\\/22\\\/changement-de-direction-generale-pour-1001fontaines\\\/\"]}]},{\"@type\":\"ImageObject\",\"inLanguage\":\"en-US\",\"@id\":\"https:\\\/\\\/www.1001fontaines.ch\\\/en\\\/2026\\\/04\\\/22\\\/changement-de-direction-generale-pour-1001fontaines\\\/#primaryimage\",\"url\":\"https:\\\/\\\/www.1001fontaines.ch\\\/wp-content\\\/uploads\\\/elementor\\\/thumbs\\\/JA_PAT-rb5xxj0j34va6ixl6i5bxce1boca19rjaff90sogmu.png\",\"contentUrl\":\"https:\\\/\\\/www.1001fontaines.ch\\\/wp-content\\\/uploads\\\/elementor\\\/thumbs\\\/JA_PAT-rb5xxj0j34va6ixl6i5bxce1boca19rjaff90sogmu.png\"},{\"@type\":\"BreadcrumbList\",\"@id\":\"https:\\\/\\\/www.1001fontaines.ch\\\/en\\\/2026\\\/04\\\/22\\\/changement-de-direction-generale-pour-1001fontaines\\\/#breadcrumb\",\"itemListElement\":[{\"@type\":\"ListItem\",\"position\":1,\"name\":\"Accueil\",\"item\":\"https:\\\/\\\/www.1001fontaines.ch\\\/en\\\/\"},{\"@type\":\"ListItem\",\"position\":2,\"name\":\"Changement de Direction G\u00e9n\u00e9rale pour 1001fontaines\"}]},{\"@type\":\"WebSite\",\"@id\":\"https:\\\/\\\/www.1001fontaines.ch\\\/#website\",\"url\":\"https:\\\/\\\/www.1001fontaines.ch\\\/\",\"name\":\"1001fontaines\",\"description\":\"Donner acc\u00e8s \u00e0 vie \u00e0 l&#039;eau potable\",\"publisher\":{\"@id\":\"https:\\\/\\\/www.1001fontaines.ch\\\/#organization\"},\"potentialAction\":[{\"@type\":\"SearchAction\",\"target\":{\"@type\":\"EntryPoint\",\"urlTemplate\":\"https:\\\/\\\/www.1001fontaines.ch\\\/?s={search_term_string}\"},\"query-input\":{\"@type\":\"PropertyValueSpecification\",\"valueRequired\":true,\"valueName\":\"search_term_string\"}}],\"inLanguage\":\"en-US\"},{\"@type\":\"Organization\",\"@id\":\"https:\\\/\\\/www.1001fontaines.ch\\\/#organization\",\"name\":\"1001fontaines\",\"url\":\"https:\\\/\\\/www.1001fontaines.ch\\\/\",\"logo\":{\"@type\":\"ImageObject\",\"inLanguage\":\"en-US\",\"@id\":\"https:\\\/\\\/www.1001fontaines.ch\\\/#\\\/schema\\\/logo\\\/image\\\/\",\"url\":\"https:\\\/\\\/www.1001fontaines.ch\\\/wp-content\\\/uploads\\\/2020\\\/06\\\/logo-130x54-1.png\",\"contentUrl\":\"https:\\\/\\\/www.1001fontaines.ch\\\/wp-content\\\/uploads\\\/2020\\\/06\\\/logo-130x54-1.png\",\"width\":130,\"height\":54,\"caption\":\"1001fontaines\"},\"image\":{\"@id\":\"https:\\\/\\\/www.1001fontaines.ch\\\/#\\\/schema\\\/logo\\\/image\\\/\"},\"sameAs\":[\"https:\\\/\\\/www.linkedin.com\\\/company\\\/1001fontaines\\\/\"]},{\"@type\":\"Person\",\"@id\":\"https:\\\/\\\/www.1001fontaines.ch\\\/#\\\/schema\\\/person\\\/94a459eda4ee95e269d6f276745e0767\",\"name\":\"1001-admin\",\"image\":{\"@type\":\"ImageObject\",\"inLanguage\":\"en-US\",\"@id\":\"https:\\\/\\\/secure.gravatar.com\\\/avatar\\\/85fc528e3e40a8ec46faa18ef34466ecae3f5ae7b92588c2d5fd2464ab21f3d4?s=96&d=mm&r=g\",\"url\":\"https:\\\/\\\/secure.gravatar.com\\\/avatar\\\/85fc528e3e40a8ec46faa18ef34466ecae3f5ae7b92588c2d5fd2464ab21f3d4?s=96&d=mm&r=g\",\"contentUrl\":\"https:\\\/\\\/secure.gravatar.com\\\/avatar\\\/85fc528e3e40a8ec46faa18ef34466ecae3f5ae7b92588c2d5fd2464ab21f3d4?s=96&d=mm&r=g\",\"caption\":\"1001-admin\"},\"url\":\"https:\\\/\\\/www.1001fontaines.ch\\\/en\\\/author\\\/1001-admin\\\/\"}]}<\/script>\n<!-- \/ Yoast SEO plugin. -->","yoast_head_json":{"title":"Changement de Direction G\u00e9n\u00e9rale pour 1001fontaines - 1001fontaines","description":"1001fontaines confie sa direction \u00e0 Pierre-Andr\u00e9 T\u00e9risse pour renforcer son impact et l\u2019acc\u00e8s durable \u00e0 l\u2019eau potable.","robots":{"index":"index","follow":"follow","max-snippet":"max-snippet:-1","max-image-preview":"max-image-preview:large","max-video-preview":"max-video-preview:-1"},"canonical":"https:\/\/www.1001fontaines.ch\/en\/2026\/04\/22\/changement-de-direction-generale-pour-1001fontaines\/","og_locale":"en_US","og_type":"article","og_title":"Changement de Direction G\u00e9n\u00e9rale pour 1001fontaines - 1001fontaines","og_description":"1001fontaines confie sa direction \u00e0 Pierre-Andr\u00e9 T\u00e9risse pour renforcer son impact et l\u2019acc\u00e8s durable \u00e0 l\u2019eau potable.","og_url":"https:\/\/www.1001fontaines.ch\/en\/2026\/04\/22\/changement-de-direction-generale-pour-1001fontaines\/","og_site_name":"1001fontaines","article_published_time":"2026-04-22T17:28:43+00:00","article_modified_time":"2026-04-22T17:29:20+00:00","og_image":[{"url":"https:\/\/www.1001fontaines.ch\/wp-content\/uploads\/elementor\/thumbs\/JA_PAT-rb5xxj0j34va6ixl6i5bxce1boca19rjaff90sogmu.png","type":"","width":"","height":""}],"author":"1001-admin","twitter_card":"summary_large_image","twitter_misc":{"Written by":"1001-admin","Est. reading time":"3 minutes"},"schema":{"@context":"https:\/\/schema.org","@graph":[{"@type":"Article","@id":"https:\/\/www.1001fontaines.ch\/en\/2026\/04\/22\/changement-de-direction-generale-pour-1001fontaines\/#article","isPartOf":{"@id":"https:\/\/www.1001fontaines.ch\/en\/2026\/04\/22\/changement-de-direction-generale-pour-1001fontaines\/"},"author":{"name":"1001-admin","@id":"https:\/\/www.1001fontaines.ch\/#\/schema\/person\/94a459eda4ee95e269d6f276745e0767"},"headline":"Changement de Direction G\u00e9n\u00e9rale pour 1001fontaines","datePublished":"2026-04-22T17:28:43+00:00","dateModified":"2026-04-22T17:29:20+00:00","mainEntityOfPage":{"@id":"https:\/\/www.1001fontaines.ch\/en\/2026\/04\/22\/changement-de-direction-generale-pour-1001fontaines\/"},"wordCount":604,"publisher":{"@id":"https:\/\/www.1001fontaines.ch\/#organization"},"image":{"@id":"https:\/\/www.1001fontaines.ch\/en\/2026\/04\/22\/changement-de-direction-generale-pour-1001fontaines\/#primaryimage"},"thumbnailUrl":"https:\/\/www.1001fontaines.ch\/wp-content\/uploads\/elementor\/thumbs\/JA_PAT-rb5xxj0j34va6ixl6i5bxce1boca19rjaff90sogmu.png","inLanguage":"en-US"},{"@type":"WebPage","@id":"https:\/\/www.1001fontaines.ch\/en\/2026\/04\/22\/changement-de-direction-generale-pour-1001fontaines\/","url":"https:\/\/www.1001fontaines.ch\/en\/2026\/04\/22\/changement-de-direction-generale-pour-1001fontaines\/","name":"Changement de Direction G\u00e9n\u00e9rale pour 1001fontaines - 1001fontaines","isPartOf":{"@id":"https:\/\/www.1001fontaines.ch\/#website"},"primaryImageOfPage":{"@id":"https:\/\/www.1001fontaines.ch\/en\/2026\/04\/22\/changement-de-direction-generale-pour-1001fontaines\/#primaryimage"},"image":{"@id":"https:\/\/www.1001fontaines.ch\/en\/2026\/04\/22\/changement-de-direction-generale-pour-1001fontaines\/#primaryimage"},"thumbnailUrl":"https:\/\/www.1001fontaines.ch\/wp-content\/uploads\/elementor\/thumbs\/JA_PAT-rb5xxj0j34va6ixl6i5bxce1boca19rjaff90sogmu.png","datePublished":"2026-04-22T17:28:43+00:00","dateModified":"2026-04-22T17:29:20+00:00","description":"1001fontaines confie sa direction \u00e0 Pierre-Andr\u00e9 T\u00e9risse pour renforcer son impact et l\u2019acc\u00e8s durable \u00e0 l\u2019eau potable.","breadcrumb":{"@id":"https:\/\/www.1001fontaines.ch\/en\/2026\/04\/22\/changement-de-direction-generale-pour-1001fontaines\/#breadcrumb"},"inLanguage":"en-US","potentialAction":[{"@type":"ReadAction","target":["https:\/\/www.1001fontaines.ch\/en\/2026\/04\/22\/changement-de-direction-generale-pour-1001fontaines\/"]}]},{"@type":"ImageObject","inLanguage":"en-US","@id":"https:\/\/www.1001fontaines.ch\/en\/2026\/04\/22\/changement-de-direction-generale-pour-1001fontaines\/#primaryimage","url":"https:\/\/www.1001fontaines.ch\/wp-content\/uploads\/elementor\/thumbs\/JA_PAT-rb5xxj0j34va6ixl6i5bxce1boca19rjaff90sogmu.png","contentUrl":"https:\/\/www.1001fontaines.ch\/wp-content\/uploads\/elementor\/thumbs\/JA_PAT-rb5xxj0j34va6ixl6i5bxce1boca19rjaff90sogmu.png"},{"@type":"BreadcrumbList","@id":"https:\/\/www.1001fontaines.ch\/en\/2026\/04\/22\/changement-de-direction-generale-pour-1001fontaines\/#breadcrumb","itemListElement":[{"@type":"ListItem","position":1,"name":"Accueil","item":"https:\/\/www.1001fontaines.ch\/en\/"},{"@type":"ListItem","position":2,"name":"Changement de Direction G\u00e9n\u00e9rale pour 1001fontaines"}]},{"@type":"WebSite","@id":"https:\/\/www.1001fontaines.ch\/#website","url":"https:\/\/www.1001fontaines.ch\/","name":"1001fontaines","description":"Donner acc\u00e8s \u00e0 vie \u00e0 l&#039;eau potable","publisher":{"@id":"https:\/\/www.1001fontaines.ch\/#organization"},"potentialAction":[{"@type":"SearchAction","target":{"@type":"EntryPoint","urlTemplate":"https:\/\/www.1001fontaines.ch\/?s={search_term_string}"},"query-input":{"@type":"PropertyValueSpecification","valueRequired":true,"valueName":"search_term_string"}}],"inLanguage":"en-US"},{"@type":"Organization","@id":"https:\/\/www.1001fontaines.ch\/#organization","name":"1001fontaines","url":"https:\/\/www.1001fontaines.ch\/","logo":{"@type":"ImageObject","inLanguage":"en-US","@id":"https:\/\/www.1001fontaines.ch\/#\/schema\/logo\/image\/","url":"https:\/\/www.1001fontaines.ch\/wp-content\/uploads\/2020\/06\/logo-130x54-1.png","contentUrl":"https:\/\/www.1001fontaines.ch\/wp-content\/uploads\/2020\/06\/logo-130x54-1.png","width":130,"height":54,"caption":"1001fontaines"},"image":{"@id":"https:\/\/www.1001fontaines.ch\/#\/schema\/logo\/image\/"},"sameAs":["https:\/\/www.linkedin.com\/company\/1001fontaines\/"]},{"@type":"Person","@id":"https:\/\/www.1001fontaines.ch\/#\/schema\/person\/94a459eda4ee95e269d6f276745e0767","name":"1001-admin","image":{"@type":"ImageObject","inLanguage":"en-US","@id":"https:\/\/secure.gravatar.com\/avatar\/85fc528e3e40a8ec46faa18ef34466ecae3f5ae7b92588c2d5fd2464ab21f3d4?s=96&d=mm&r=g","url":"https:\/\/secure.gravatar.com\/avatar\/85fc528e3e40a8ec46faa18ef34466ecae3f5ae7b92588c2d5fd2464ab21f3d4?s=96&d=mm&r=g","contentUrl":"https:\/\/secure.gravatar.com\/avatar\/85fc528e3e40a8ec46faa18ef34466ecae3f5ae7b92588c2d5fd2464ab21f3d4?s=96&d=mm&r=g","caption":"1001-admin"},"url":"https:\/\/www.1001fontaines.ch\/en\/author\/1001-admin\/"}]}},"_links":{"self":[{"href":"https:\/\/www.1001fontaines.ch\/en\/wp-json\/wp\/v2\/posts\/7189","targetHints":{"allow":["GET"]}}],"collection":[{"href":"https:\/\/www.1001fontaines.ch\/en\/wp-json\/wp\/v2\/posts"}],"about":[{"href":"https:\/\/www.1001fontaines.ch\/en\/wp-json\/wp\/v2\/types\/post"}],"author":[{"embeddable":true,"href":"https:\/\/www.1001fontaines.ch\/en\/wp-json\/wp\/v2\/users\/4"}],"replies":[{"embeddable":true,"href":"https:\/\/www.1001fontaines.ch\/en\/wp-json\/wp\/v2\/comments?post=7189"}],"version-history":[{"count":4,"href":"https:\/\/www.1001fontaines.ch\/en\/wp-json\/wp\/v2\/posts\/7189\/revisions"}],"predecessor-version":[{"id":9658,"href":"https:\/\/www.1001fontaines.ch\/en\/wp-json\/wp\/v2\/posts\/7189\/revisions\/9658"}],"wp:attachment":[{"href":"https:\/\/www.1001fontaines.ch\/en\/wp-json\/wp\/v2\/media?parent=7189"}],"wp:term":[{"taxonomy":"category","embeddable":true,"href":"https:\/\/www.1001fontaines.ch\/en\/wp-json\/wp\/v2\/categories?post=7189"},{"taxonomy":"post_tag","embeddable":true,"href":"https:\/\/www.1001fontaines.ch\/en\/wp-json\/wp\/v2\/tags?post=7189"}],"curies":[{"name":"wp","href":"https:\/\/api.w.org\/{rel}","templated":true}]}}